{"id":3480,"date":"2025-05-27T10:03:40","date_gmt":"2025-05-27T08:03:40","guid":{"rendered":"https:\/\/www.precirex.com\/?p=3480"},"modified":"2025-09-22T14:09:20","modified_gmt":"2025-09-22T12:09:20","slug":"nos-clients-ont-la-parole-2","status":"publish","type":"post","link":"https:\/\/www.precirex.com\/en\/nos-clients-ont-la-parole-2","title":{"rendered":"Nos clients ont la parole"},"content":{"rendered":"\t\t<div data-elementor-type=\"wp-post\" data-elementor-id=\"3480\" class=\"elementor elementor-3480\" data-elementor-post-type=\"post\">\n\t\t\t\t<div class=\"elementor-element elementor-element-6efa8f06 e-flex e-con-boxed e-con e-parent\" data-id=\"6efa8f06\" data-element_type=\"container\" data-e-type=\"container\">\n\t\t\t\t\t<div class=\"e-con-inner\">\n\t\t\t\t<div class=\"elementor-element elementor-element-36c600e7 elementor-widget elementor-widget-text-editor\" data-id=\"36c600e7\" data-element_type=\"widget\" data-e-type=\"widget\" data-widget_type=\"text-editor.default\">\n\t\t\t\t<div class=\"elementor-widget-container\">\n\t\t\t\t\t\t\t\t\t<h4 class=\"wp-block-heading\">Interview de Guillaume Lapierre &#8211; Responsable Achats et Rapha\u00ebl Tappaz, Pr\u00e9sident Directeur G\u00e9n\u00e9ral Adjoint au sein de la soci\u00e9t\u00e9 Mont Blanc Productions<\/h4>\t\t\t\t\t\t\t\t<\/div>\n\t\t\t\t<\/div>\n\t\t\t\t\t<\/div>\n\t\t\t\t<\/div>\n\t\t<div class=\"elementor-element elementor-element-bde0b9a e-grid e-con-boxed e-con e-parent\" data-id=\"bde0b9a\" data-element_type=\"container\" data-e-type=\"container\">\n\t\t\t\t\t<div class=\"e-con-inner\">\n\t\t\t\t<div class=\"elementor-element elementor-element-4343efe elementor-widget elementor-widget-spacer\" data-id=\"4343efe\" data-element_type=\"widget\" data-e-type=\"widget\" data-widget_type=\"spacer.default\">\n\t\t\t\t<div class=\"elementor-widget-container\">\n\t\t\t\t\t\t\t<div class=\"elementor-spacer\">\n\t\t\t<div class=\"elementor-spacer-inner\"><\/div>\n\t\t<\/div>\n\t\t\t\t\t\t<\/div>\n\t\t\t\t<\/div>\n\t\t\t\t\t<\/div>\n\t\t\t\t<\/div>\n\t\t<div class=\"elementor-element elementor-element-bad1d1f e-grid e-con-boxed e-con e-parent\" data-id=\"bad1d1f\" data-element_type=\"container\" data-e-type=\"container\">\n\t\t\t\t\t<div class=\"e-con-inner\">\n\t\t\t\t<div class=\"elementor-element elementor-element-79daf3a elementor-widget elementor-widget-text-editor\" data-id=\"79daf3a\" data-element_type=\"widget\" data-e-type=\"widget\" data-widget_type=\"text-editor.default\">\n\t\t\t\t<div class=\"elementor-widget-container\">\n\t\t\t\t\t\t\t\t\t<p>Aujourd\u2019hui, Messieurs Lapierre &amp; Tappaz, ont accept\u00e9 de r\u00e9pondre \u00e0 quelques questions pour revenir sur la relation partenariale historique avec le groupe PRECIREX TECHNOLOGIES.<\/p>\t\t\t\t\t\t\t\t<\/div>\n\t\t\t\t<\/div>\n\t\t\t\t\t<\/div>\n\t\t\t\t<\/div>\n\t\t<div class=\"elementor-element elementor-element-da6ef88 e-grid e-con-boxed e-con e-parent\" data-id=\"da6ef88\" data-element_type=\"container\" data-e-type=\"container\">\n\t\t\t\t\t<div class=\"e-con-inner\">\n\t\t\t\t<div class=\"elementor-element elementor-element-a5f2d42 elementor-widget elementor-widget-image\" data-id=\"a5f2d42\" data-element_type=\"widget\" data-e-type=\"widget\" data-widget_type=\"image.default\">\n\t\t\t\t<div class=\"elementor-widget-container\">\n\t\t\t\t\t\t\t\t\t\t\t\t\t\t\t<img fetchpriority=\"high\" decoding=\"async\" width=\"800\" height=\"298\" src=\"https:\/\/www.precirex.com\/wp-content\/uploads\/2025\/05\/logo-mbp-couleur-1024x382.jpg\" class=\"attachment-large size-large wp-image-3485\" alt=\"\" srcset=\"https:\/\/www.precirex.com\/wp-content\/uploads\/2025\/05\/logo-mbp-couleur-1024x382.jpg 1024w, https:\/\/www.precirex.com\/wp-content\/uploads\/2025\/05\/logo-mbp-couleur-300x112.jpg 300w, https:\/\/www.precirex.com\/wp-content\/uploads\/2025\/05\/logo-mbp-couleur-768x286.jpg 768w, https:\/\/www.precirex.com\/wp-content\/uploads\/2025\/05\/logo-mbp-couleur.jpg 1167w\" sizes=\"(max-width: 800px) 100vw, 800px\" \/>\t\t\t\t\t\t\t\t\t\t\t\t\t\t\t<\/div>\n\t\t\t\t<\/div>\n\t\t\t\t<div class=\"elementor-element elementor-element-1522318 elementor-widget elementor-widget-text-editor\" data-id=\"1522318\" data-element_type=\"widget\" data-e-type=\"widget\" data-widget_type=\"text-editor.default\">\n\t\t\t\t<div class=\"elementor-widget-container\">\n\t\t\t\t\t\t\t\t\t<p><strong>Pouvez-vous nous pr\u00e9senter votre soci\u00e9t\u00e9 en quelques mots ?<\/strong><\/p><p>L\u2019entreprise <a href=\"https:\/\/www.montblancproductions.fr\/\">Mont Blanc Productions<\/a> est une entreprise familiale experte en usinage de pi\u00e8ces m\u00e9caniques de haute pr\u00e9cision depuis 1967. Install\u00e9e dans la vall\u00e9e de l\u2019Arve, nous concevons des solutions sur mesure pour des secteurs exigeants comme l\u2019a\u00e9ronautique, le nucl\u00e9aire ou la d\u00e9fense.\u00a0<\/p><p>Gr\u00e2ce \u00e0 une \u00e9quipe hautement qualifi\u00e9e, un parc machines de pointe, et des partenariats solides avec des professionnels du d\u00e9colletage, nous ma\u00eetrisons l\u2019ensemble de la cha\u00eene de production.<\/p>\t\t\t\t\t\t\t\t<\/div>\n\t\t\t\t<\/div>\n\t\t\t\t\t<\/div>\n\t\t\t\t<\/div>\n\t\t<div class=\"elementor-element elementor-element-92ce061 e-grid e-con-boxed e-con e-parent\" data-id=\"92ce061\" data-element_type=\"container\" data-e-type=\"container\">\n\t\t\t\t\t<div class=\"e-con-inner\">\n\t\t\t\t<div class=\"elementor-element elementor-element-3882cfb elementor-widget elementor-widget-spacer\" data-id=\"3882cfb\" data-element_type=\"widget\" data-e-type=\"widget\" data-widget_type=\"spacer.default\">\n\t\t\t\t<div class=\"elementor-widget-container\">\n\t\t\t\t\t\t\t<div class=\"elementor-spacer\">\n\t\t\t<div class=\"elementor-spacer-inner\"><\/div>\n\t\t<\/div>\n\t\t\t\t\t\t<\/div>\n\t\t\t\t<\/div>\n\t\t\t\t\t<\/div>\n\t\t\t\t<\/div>\n\t\t<div class=\"elementor-element elementor-element-42a3bae e-grid e-con-boxed e-con e-parent\" data-id=\"42a3bae\" data-element_type=\"container\" data-e-type=\"container\">\n\t\t\t\t\t<div class=\"e-con-inner\">\n\t\t\t\t<div class=\"elementor-element elementor-element-4ed03ed elementor-widget elementor-widget-text-editor\" data-id=\"4ed03ed\" data-element_type=\"widget\" data-e-type=\"widget\" data-widget_type=\"text-editor.default\">\n\t\t\t\t<div class=\"elementor-widget-container\">\n\t\t\t\t\t\t\t\t\t<p><strong>Comment se passe votre collaboration avec le groupe PRECIREX TECHNOLOGIES ?<\/strong><\/p><p>Cela fait plus de quarante ans que nous collaborons avec <a href=\"https:\/\/www.precirex.com\/sites-marques-precirex\/sarg-rectification-finitions\">SARG<\/a> sur des projets de rectification de pi\u00e8ces. Les relations se sont intensifi\u00e9es lors de l\u2019int\u00e9gration de SARG au sein du Groupe PRECIREX TECHNOLOGIES. Au d\u00e9part, c\u2019\u00e9tait d\u2019abord un choix de sous-traitant pour une question de proximit\u00e9 g\u00e9ographique, mais au fil du temps, c\u2019est la qualit\u00e9 de service qui a confort\u00e9 notre choix. <br \/>SARG est qualifi\u00e9e EN 9100, une norme incontournable pour le secteur a\u00e9ronautique, notamment avec des clients tr\u00e8s pointus comme Safran. Cette certification est un gage de s\u00e9rieux et de fiabilit\u00e9.<\/p><p><strong>Pourquoi appr\u00e9ciez-vous travailler avec ce groupe ?<\/strong><br \/>La r\u00e9activit\u00e9, l\u2019expertise, la proximit\u00e9\u2026 Et surtout, un lien humain qui s\u2019est construit avec le temps.<br \/>Nous travaillons avec plusieurs personnes chez SARG selon les besoins : les m\u00e9thodes, la qualit\u00e9, l\u2019atelier, l\u2019ordonnancement\u2026 Les r\u00f4les sont bien d\u00e9finis, les sujets sont trait\u00e9s efficacement, et chacun sait \u00e0 qui s\u2019adresser. Il y a une vraie clart\u00e9 organisationnelle, ce qui fluidifie les \u00e9changes. Ce sont des interlocuteurs p\u00e9rennes qui connaissent leur m\u00e9tier, mais aussi notre secteur. Cela permet un vrai dialogue technique, en confiance, avec des solutions concr\u00e8tes. Et dans notre environnement exigeant, c\u2019est pr\u00e9cieux.<\/p><p><strong>Vous parlez de proximit\u00e9. Est-ce aussi un choix strat\u00e9gique dans une logique de circuit court, voire de responsabilit\u00e9 environnementale ?<\/strong><br \/>Oui, clairement. Nous essayons de r\u00e9duire l\u2019empreinte carbone autant que possible, et limiter les transports en fait partie. Travailler localement et en circuit court permet aussi de limiter les risques de choc ou de rayure sur des pi\u00e8ces fragiles et particuli\u00e8rement sensibles. C\u2019est un choix technique et responsable \u00e0 la fois.<\/p>\t\t\t\t\t\t\t\t<\/div>\n\t\t\t\t<\/div>\n\t\t\t\t\t<\/div>\n\t\t\t\t<\/div>\n\t\t<div class=\"elementor-element elementor-element-62a70bf e-grid e-con-boxed e-con e-parent\" data-id=\"62a70bf\" data-element_type=\"container\" data-e-type=\"container\">\n\t\t\t\t\t<div class=\"e-con-inner\">\n\t\t\t\t<div class=\"elementor-element elementor-element-e97c99d elementor-widget elementor-widget-text-editor\" data-id=\"e97c99d\" data-element_type=\"widget\" data-e-type=\"widget\" data-widget_type=\"text-editor.default\">\n\t\t\t\t<div class=\"elementor-widget-container\">\n\t\t\t\t\t\t\t\t\t<p><strong>Pouvez-vous nous parler d\u2019un des projets phares, embl\u00e9matique de votre collaboration avec SARG ?<\/strong><br \/>Il s\u2019agit d\u2019un march\u00e9 sp\u00e9cifique, avec une rectification d\u00e9licate pour atteindre un \u00e9tat de surface optimal et une tol\u00e9rance dimensionnelle pr\u00e9cise, indispensables pour une op\u00e9ration sp\u00e9cifique que nous r\u00e9alisons ensuite. Ce sont des pi\u00e8ces destin\u00e9es au secteur de la d\u00e9fense.<\/p><p>Pour ce projet, nous avons \u00e9tabli un cahier des charges d\u00e8s le lancement, et dupliqu\u00e9 un mode de fonctionnement qu\u2019on avait d\u00e9j\u00e0 mis en place avec SARG sur d\u2019autres familles de pi\u00e8ces. Il y a une grille tarifaire selon les dimensions. C\u2019est un cadre clair, qui \u00e9vite les incompr\u00e9hensions et qui situe exactement comment les choses seront trait\u00e9es.<\/p>\t\t\t\t\t\t\t\t<\/div>\n\t\t\t\t<\/div>\n\t\t\t\t<div class=\"elementor-element elementor-element-e1ca44c elementor-widget elementor-widget-image\" data-id=\"e1ca44c\" data-element_type=\"widget\" data-e-type=\"widget\" data-widget_type=\"image.default\">\n\t\t\t\t<div class=\"elementor-widget-container\">\n\t\t\t\t\t\t\t\t\t\t\t\t\t\t\t<img decoding=\"async\" width=\"342\" height=\"307\" src=\"https:\/\/www.precirex.com\/wp-content\/uploads\/2025\/05\/icons8-service.png\" class=\"attachment-large size-large wp-image-3497\" alt=\"\" srcset=\"https:\/\/www.precirex.com\/wp-content\/uploads\/2025\/05\/icons8-service.png 342w, https:\/\/www.precirex.com\/wp-content\/uploads\/2025\/05\/icons8-service-300x269.png 300w\" sizes=\"(max-width: 342px) 100vw, 342px\" \/>\t\t\t\t\t\t\t\t\t\t\t\t\t\t\t<\/div>\n\t\t\t\t<\/div>\n\t\t\t\t\t<\/div>\n\t\t\t\t<\/div>\n\t\t<div class=\"elementor-element elementor-element-151a8ce e-grid e-con-boxed e-con e-parent\" data-id=\"151a8ce\" data-element_type=\"container\" data-e-type=\"container\">\n\t\t\t\t\t<div class=\"e-con-inner\">\n\t\t\t\t<div class=\"elementor-element elementor-element-b88eae8 elementor-widget elementor-widget-text-editor\" data-id=\"b88eae8\" data-element_type=\"widget\" data-e-type=\"widget\" data-widget_type=\"text-editor.default\">\n\t\t\t\t<div class=\"elementor-widget-container\">\n\t\t\t\t\t\t\t\t\t<p><strong>Dans quelle proportion vos demandes de rectification de pi\u00e8ces sont trait\u00e9es par SARG ?<\/strong><br \/>Historiquement, nous faisions appel \u00e0 plusieurs prestataires pour les pi\u00e8ces moins critiques. Mais au fur et \u00e0 mesure nous avons constat\u00e9 que le suivi, notamment en cas de litige, n\u2019\u00e9tait pas au rendez-vous. La relation avec SARG \u00e9tait d\u00e9j\u00e0 bien en place, nous avons pris la d\u00e9cision de centraliser nos demandes de rectification \u00e0 90% chez eux. Il nous arrive \u00e9galement de solliciter Minirectif pour des op\u00e9rations de rectification sur des pi\u00e8ces plus petites qui ne peuvent \u00eatre trait\u00e9es par SARG. C\u2019est compl\u00e9mentaire et cela reste dans la logique du Groupe PRECRIEX Technologies.<\/p><p><strong>Un dernier mot ?<\/strong><br \/>Ce qui fait la force de cette collaboration, c\u2019est l\u2019alliance entre expertise technique, proximit\u00e9 et agilit\u00e9. La taille humaine du Groupe, la connaissance terrain des \u00e9quipes, leur r\u00e9activit\u00e9\u2026 tout cela fait la diff\u00e9rence. Nous savons que nous pouvons compter sur eux pour r\u00e9pondre aux exigences, toujours croissantes, de nos clients.<\/p>\t\t\t\t\t\t\t\t<\/div>\n\t\t\t\t<\/div>\n\t\t\t\t\t<\/div>\n\t\t\t\t<\/div>\n\t\t\t\t<\/div>\n\t\t","protected":false},"excerpt":{"rendered":"<p>Interview de Guillaume Lapierre &#8211; Responsable Achats et Rapha\u00ebl Tappaz, Pr\u00e9sident Directeur G\u00e9n\u00e9ral Adjoint au sein de la soci\u00e9t\u00e9 Mont Blanc Productions Aujourd\u2019hui, Messieurs Lapierre &amp; Tappaz, ont accept\u00e9 de r\u00e9pondre \u00e0 quelques questions pour revenir sur la relation partenariale historique avec le groupe PRECIREX TECHNOLOGIES. Pouvez-vous nous pr\u00e9senter votre soci\u00e9t\u00e9 en quelques mots ? [&hellip;]<\/p>\n","protected":false},"author":2,"featured_media":3481,"comment_status":"closed","ping_status":"closed","sticky":false,"template":"","format":"standard","meta":{"footnotes":""},"categories":[1],"tags":[],"class_list":["post-3480","post","type-post","status-publish","format-standard","has-post-thumbnail","hentry","category-non-classifiee"],"yoast_head":"<!-- This site is optimized with the Yoast SEO plugin v27.4 - https:\/\/yoast.com\/product\/yoast-seo-wordpress\/ -->\n<title>Nos clients ont la parole - Precirex<\/title>\n<meta name=\"robots\" content=\"index, follow, max-snippet:-1, max-image-preview:large, max-video-preview:-1\" \/>\n<link rel=\"canonical\" href=\"https:\/\/www.precirex.com\/en\/nos-clients-ont-la-parole-2\" \/>\n<meta property=\"og:locale\" content=\"en_US\" \/>\n<meta property=\"og:type\" content=\"article\" \/>\n<meta property=\"og:title\" content=\"Nos clients ont la parole - Precirex\" \/>\n<meta property=\"og:description\" content=\"Interview de Guillaume Lapierre &#8211; Responsable Achats et Rapha\u00ebl Tappaz, Pr\u00e9sident Directeur G\u00e9n\u00e9ral Adjoint au sein de la soci\u00e9t\u00e9 Mont Blanc Productions Aujourd\u2019hui, Messieurs Lapierre &amp; Tappaz, ont accept\u00e9 de r\u00e9pondre \u00e0 quelques questions pour revenir sur la relation partenariale historique avec le groupe PRECIREX TECHNOLOGIES. Pouvez-vous nous pr\u00e9senter votre soci\u00e9t\u00e9 en quelques mots ? [&hellip;]\" \/>\n<meta property=\"og:url\" content=\"https:\/\/www.precirex.com\/en\/nos-clients-ont-la-parole-2\" \/>\n<meta property=\"og:site_name\" content=\"Precirex\" \/>\n<meta property=\"article:published_time\" content=\"2025-05-27T08:03:40+00:00\" \/>\n<meta property=\"article:modified_time\" content=\"2025-09-22T12:09:20+00:00\" \/>\n<meta property=\"og:image\" content=\"https:\/\/www.precirex.com\/wp-content\/uploads\/2025\/05\/LINKEDIN_PRECIREX-TEMOIGNAGE.png\" \/>\n\t<meta property=\"og:image:width\" content=\"1080\" \/>\n\t<meta property=\"og:image:height\" content=\"1080\" \/>\n\t<meta property=\"og:image:type\" content=\"image\/png\" \/>\n<meta name=\"author\" content=\"Fabien Chavanne\" \/>\n<meta name=\"twitter:card\" content=\"summary_large_image\" \/>\n<meta name=\"twitter:label1\" content=\"Written by\" \/>\n\t<meta name=\"twitter:data1\" content=\"Fabien Chavanne\" \/>\n\t<meta name=\"twitter:label2\" content=\"Est. reading time\" \/>\n\t<meta name=\"twitter:data2\" content=\"4 minutes\" \/>\n<script type=\"application\/ld+json\" class=\"yoast-schema-graph\">{\"@context\":\"https:\\\/\\\/schema.org\",\"@graph\":[{\"@type\":\"Article\",\"@id\":\"https:\\\/\\\/www.precirex.com\\\/en\\\/nos-clients-ont-la-parole-2#article\",\"isPartOf\":{\"@id\":\"https:\\\/\\\/www.precirex.com\\\/en\\\/nos-clients-ont-la-parole-2\"},\"author\":{\"name\":\"Fabien Chavanne\",\"@id\":\"https:\\\/\\\/www.precirex.com\\\/en#\\\/schema\\\/person\\\/f88dcd4059fb3ab924bd4a2f718449c9\"},\"headline\":\"Nos clients ont la parole\",\"datePublished\":\"2025-05-27T08:03:40+00:00\",\"dateModified\":\"2025-09-22T12:09:20+00:00\",\"mainEntityOfPage\":{\"@id\":\"https:\\\/\\\/www.precirex.com\\\/en\\\/nos-clients-ont-la-parole-2\"},\"wordCount\":759,\"publisher\":{\"@id\":\"https:\\\/\\\/www.precirex.com\\\/en#organization\"},\"image\":{\"@id\":\"https:\\\/\\\/www.precirex.com\\\/en\\\/nos-clients-ont-la-parole-2#primaryimage\"},\"thumbnailUrl\":\"https:\\\/\\\/www.precirex.com\\\/wp-content\\\/uploads\\\/2025\\\/05\\\/LINKEDIN_PRECIREX-TEMOIGNAGE.png\",\"articleSection\":[\"Non classifi\u00e9(e)\"],\"inLanguage\":\"en-US\"},{\"@type\":\"WebPage\",\"@id\":\"https:\\\/\\\/www.precirex.com\\\/en\\\/nos-clients-ont-la-parole-2\",\"url\":\"https:\\\/\\\/www.precirex.com\\\/en\\\/nos-clients-ont-la-parole-2\",\"name\":\"Nos clients ont la parole - Precirex\",\"isPartOf\":{\"@id\":\"https:\\\/\\\/www.precirex.com\\\/en#website\"},\"primaryImageOfPage\":{\"@id\":\"https:\\\/\\\/www.precirex.com\\\/en\\\/nos-clients-ont-la-parole-2#primaryimage\"},\"image\":{\"@id\":\"https:\\\/\\\/www.precirex.com\\\/en\\\/nos-clients-ont-la-parole-2#primaryimage\"},\"thumbnailUrl\":\"https:\\\/\\\/www.precirex.com\\\/wp-content\\\/uploads\\\/2025\\\/05\\\/LINKEDIN_PRECIREX-TEMOIGNAGE.png\",\"datePublished\":\"2025-05-27T08:03:40+00:00\",\"dateModified\":\"2025-09-22T12:09:20+00:00\",\"breadcrumb\":{\"@id\":\"https:\\\/\\\/www.precirex.com\\\/en\\\/nos-clients-ont-la-parole-2#breadcrumb\"},\"inLanguage\":\"en-US\",\"potentialAction\":[{\"@type\":\"ReadAction\",\"target\":[\"https:\\\/\\\/www.precirex.com\\\/en\\\/nos-clients-ont-la-parole-2\"]}]},{\"@type\":\"ImageObject\",\"inLanguage\":\"en-US\",\"@id\":\"https:\\\/\\\/www.precirex.com\\\/en\\\/nos-clients-ont-la-parole-2#primaryimage\",\"url\":\"https:\\\/\\\/www.precirex.com\\\/wp-content\\\/uploads\\\/2025\\\/05\\\/LINKEDIN_PRECIREX-TEMOIGNAGE.png\",\"contentUrl\":\"https:\\\/\\\/www.precirex.com\\\/wp-content\\\/uploads\\\/2025\\\/05\\\/LINKEDIN_PRECIREX-TEMOIGNAGE.png\",\"width\":1080,\"height\":1080},{\"@type\":\"BreadcrumbList\",\"@id\":\"https:\\\/\\\/www.precirex.com\\\/en\\\/nos-clients-ont-la-parole-2#breadcrumb\",\"itemListElement\":[{\"@type\":\"ListItem\",\"position\":1,\"name\":\"Accueil\",\"item\":\"https:\\\/\\\/www.precirex.com\\\/en\\\/home\"},{\"@type\":\"ListItem\",\"position\":2,\"name\":\"Nos clients ont la parole\"}]},{\"@type\":\"WebSite\",\"@id\":\"https:\\\/\\\/www.precirex.com\\\/en#website\",\"url\":\"https:\\\/\\\/www.precirex.com\\\/en\",\"name\":\"Precirex\",\"description\":\"\",\"publisher\":{\"@id\":\"https:\\\/\\\/www.precirex.com\\\/en#organization\"},\"potentialAction\":[{\"@type\":\"SearchAction\",\"target\":{\"@type\":\"EntryPoint\",\"urlTemplate\":\"https:\\\/\\\/www.precirex.com\\\/en?s={search_term_string}\"},\"query-input\":{\"@type\":\"PropertyValueSpecification\",\"valueRequired\":true,\"valueName\":\"search_term_string\"}}],\"inLanguage\":\"en-US\"},{\"@type\":\"Organization\",\"@id\":\"https:\\\/\\\/www.precirex.com\\\/en#organization\",\"name\":\"PRECIREX\",\"url\":\"https:\\\/\\\/www.precirex.com\\\/en\",\"logo\":{\"@type\":\"ImageObject\",\"inLanguage\":\"en-US\",\"@id\":\"https:\\\/\\\/www.precirex.com\\\/en#\\\/schema\\\/logo\\\/image\\\/\",\"url\":\"https:\\\/\\\/www.precirex.com\\\/wp-content\\\/uploads\\\/2023\\\/07\\\/Logo-blanc.svg\",\"contentUrl\":\"https:\\\/\\\/www.precirex.com\\\/wp-content\\\/uploads\\\/2023\\\/07\\\/Logo-blanc.svg\",\"width\":228,\"height\":82,\"caption\":\"PRECIREX\"},\"image\":{\"@id\":\"https:\\\/\\\/www.precirex.com\\\/en#\\\/schema\\\/logo\\\/image\\\/\"}},{\"@type\":\"Person\",\"@id\":\"https:\\\/\\\/www.precirex.com\\\/en#\\\/schema\\\/person\\\/f88dcd4059fb3ab924bd4a2f718449c9\",\"name\":\"Fabien Chavanne\",\"image\":{\"@type\":\"ImageObject\",\"inLanguage\":\"en-US\",\"@id\":\"https:\\\/\\\/secure.gravatar.com\\\/avatar\\\/c39b139a1de6faefdd04dc31eb3c931eb0c3a1568ad0433d7846fb55631ca150?s=96&d=mm&r=g\",\"url\":\"https:\\\/\\\/secure.gravatar.com\\\/avatar\\\/c39b139a1de6faefdd04dc31eb3c931eb0c3a1568ad0433d7846fb55631ca150?s=96&d=mm&r=g\",\"contentUrl\":\"https:\\\/\\\/secure.gravatar.com\\\/avatar\\\/c39b139a1de6faefdd04dc31eb3c931eb0c3a1568ad0433d7846fb55631ca150?s=96&d=mm&r=g\",\"caption\":\"Fabien Chavanne\"}}]}<\/script>\n<!-- \/ Yoast SEO plugin. -->","yoast_head_json":{"title":"Nos clients ont la parole - Precirex","robots":{"index":"index","follow":"follow","max-snippet":"max-snippet:-1","max-image-preview":"max-image-preview:large","max-video-preview":"max-video-preview:-1"},"canonical":"https:\/\/www.precirex.com\/en\/nos-clients-ont-la-parole-2","og_locale":"en_US","og_type":"article","og_title":"Nos clients ont la parole - Precirex","og_description":"Interview de Guillaume Lapierre &#8211; Responsable Achats et Rapha\u00ebl Tappaz, Pr\u00e9sident Directeur G\u00e9n\u00e9ral Adjoint au sein de la soci\u00e9t\u00e9 Mont Blanc Productions Aujourd\u2019hui, Messieurs Lapierre &amp; Tappaz, ont accept\u00e9 de r\u00e9pondre \u00e0 quelques questions pour revenir sur la relation partenariale historique avec le groupe PRECIREX TECHNOLOGIES. Pouvez-vous nous pr\u00e9senter votre soci\u00e9t\u00e9 en quelques mots ? [&hellip;]","og_url":"https:\/\/www.precirex.com\/en\/nos-clients-ont-la-parole-2","og_site_name":"Precirex","article_published_time":"2025-05-27T08:03:40+00:00","article_modified_time":"2025-09-22T12:09:20+00:00","og_image":[{"width":1080,"height":1080,"url":"https:\/\/www.precirex.com\/wp-content\/uploads\/2025\/05\/LINKEDIN_PRECIREX-TEMOIGNAGE.png","type":"image\/png"}],"author":"Fabien Chavanne","twitter_card":"summary_large_image","twitter_misc":{"Written by":"Fabien Chavanne","Est. reading time":"4 minutes"},"schema":{"@context":"https:\/\/schema.org","@graph":[{"@type":"Article","@id":"https:\/\/www.precirex.com\/en\/nos-clients-ont-la-parole-2#article","isPartOf":{"@id":"https:\/\/www.precirex.com\/en\/nos-clients-ont-la-parole-2"},"author":{"name":"Fabien Chavanne","@id":"https:\/\/www.precirex.com\/en#\/schema\/person\/f88dcd4059fb3ab924bd4a2f718449c9"},"headline":"Nos clients ont la parole","datePublished":"2025-05-27T08:03:40+00:00","dateModified":"2025-09-22T12:09:20+00:00","mainEntityOfPage":{"@id":"https:\/\/www.precirex.com\/en\/nos-clients-ont-la-parole-2"},"wordCount":759,"publisher":{"@id":"https:\/\/www.precirex.com\/en#organization"},"image":{"@id":"https:\/\/www.precirex.com\/en\/nos-clients-ont-la-parole-2#primaryimage"},"thumbnailUrl":"https:\/\/www.precirex.com\/wp-content\/uploads\/2025\/05\/LINKEDIN_PRECIREX-TEMOIGNAGE.png","articleSection":["Non classifi\u00e9(e)"],"inLanguage":"en-US"},{"@type":"WebPage","@id":"https:\/\/www.precirex.com\/en\/nos-clients-ont-la-parole-2","url":"https:\/\/www.precirex.com\/en\/nos-clients-ont-la-parole-2","name":"Nos clients ont la parole - Precirex","isPartOf":{"@id":"https:\/\/www.precirex.com\/en#website"},"primaryImageOfPage":{"@id":"https:\/\/www.precirex.com\/en\/nos-clients-ont-la-parole-2#primaryimage"},"image":{"@id":"https:\/\/www.precirex.com\/en\/nos-clients-ont-la-parole-2#primaryimage"},"thumbnailUrl":"https:\/\/www.precirex.com\/wp-content\/uploads\/2025\/05\/LINKEDIN_PRECIREX-TEMOIGNAGE.png","datePublished":"2025-05-27T08:03:40+00:00","dateModified":"2025-09-22T12:09:20+00:00","breadcrumb":{"@id":"https:\/\/www.precirex.com\/en\/nos-clients-ont-la-parole-2#breadcrumb"},"inLanguage":"en-US","potentialAction":[{"@type":"ReadAction","target":["https:\/\/www.precirex.com\/en\/nos-clients-ont-la-parole-2"]}]},{"@type":"ImageObject","inLanguage":"en-US","@id":"https:\/\/www.precirex.com\/en\/nos-clients-ont-la-parole-2#primaryimage","url":"https:\/\/www.precirex.com\/wp-content\/uploads\/2025\/05\/LINKEDIN_PRECIREX-TEMOIGNAGE.png","contentUrl":"https:\/\/www.precirex.com\/wp-content\/uploads\/2025\/05\/LINKEDIN_PRECIREX-TEMOIGNAGE.png","width":1080,"height":1080},{"@type":"BreadcrumbList","@id":"https:\/\/www.precirex.com\/en\/nos-clients-ont-la-parole-2#breadcrumb","itemListElement":[{"@type":"ListItem","position":1,"name":"Accueil","item":"https:\/\/www.precirex.com\/en\/home"},{"@type":"ListItem","position":2,"name":"Nos clients ont la parole"}]},{"@type":"WebSite","@id":"https:\/\/www.precirex.com\/en#website","url":"https:\/\/www.precirex.com\/en","name":"Precirex","description":"","publisher":{"@id":"https:\/\/www.precirex.com\/en#organization"},"potentialAction":[{"@type":"SearchAction","target":{"@type":"EntryPoint","urlTemplate":"https:\/\/www.precirex.com\/en?s={search_term_string}"},"query-input":{"@type":"PropertyValueSpecification","valueRequired":true,"valueName":"search_term_string"}}],"inLanguage":"en-US"},{"@type":"Organization","@id":"https:\/\/www.precirex.com\/en#organization","name":"PRECIREX","url":"https:\/\/www.precirex.com\/en","logo":{"@type":"ImageObject","inLanguage":"en-US","@id":"https:\/\/www.precirex.com\/en#\/schema\/logo\/image\/","url":"https:\/\/www.precirex.com\/wp-content\/uploads\/2023\/07\/Logo-blanc.svg","contentUrl":"https:\/\/www.precirex.com\/wp-content\/uploads\/2023\/07\/Logo-blanc.svg","width":228,"height":82,"caption":"PRECIREX"},"image":{"@id":"https:\/\/www.precirex.com\/en#\/schema\/logo\/image\/"}},{"@type":"Person","@id":"https:\/\/www.precirex.com\/en#\/schema\/person\/f88dcd4059fb3ab924bd4a2f718449c9","name":"Fabien Chavanne","image":{"@type":"ImageObject","inLanguage":"en-US","@id":"https:\/\/secure.gravatar.com\/avatar\/c39b139a1de6faefdd04dc31eb3c931eb0c3a1568ad0433d7846fb55631ca150?s=96&d=mm&r=g","url":"https:\/\/secure.gravatar.com\/avatar\/c39b139a1de6faefdd04dc31eb3c931eb0c3a1568ad0433d7846fb55631ca150?s=96&d=mm&r=g","contentUrl":"https:\/\/secure.gravatar.com\/avatar\/c39b139a1de6faefdd04dc31eb3c931eb0c3a1568ad0433d7846fb55631ca150?s=96&d=mm&r=g","caption":"Fabien Chavanne"}}]}},"_links":{"self":[{"href":"https:\/\/www.precirex.com\/en\/wp-json\/wp\/v2\/posts\/3480","targetHints":{"allow":["GET"]}}],"collection":[{"href":"https:\/\/www.precirex.com\/en\/wp-json\/wp\/v2\/posts"}],"about":[{"href":"https:\/\/www.precirex.com\/en\/wp-json\/wp\/v2\/types\/post"}],"author":[{"embeddable":true,"href":"https:\/\/www.precirex.com\/en\/wp-json\/wp\/v2\/users\/2"}],"replies":[{"embeddable":true,"href":"https:\/\/www.precirex.com\/en\/wp-json\/wp\/v2\/comments?post=3480"}],"version-history":[{"count":16,"href":"https:\/\/www.precirex.com\/en\/wp-json\/wp\/v2\/posts\/3480\/revisions"}],"predecessor-version":[{"id":3503,"href":"https:\/\/www.precirex.com\/en\/wp-json\/wp\/v2\/posts\/3480\/revisions\/3503"}],"wp:featuredmedia":[{"embeddable":true,"href":"https:\/\/www.precirex.com\/en\/wp-json\/wp\/v2\/media\/3481"}],"wp:attachment":[{"href":"https:\/\/www.precirex.com\/en\/wp-json\/wp\/v2\/media?parent=3480"}],"wp:term":[{"taxonomy":"category","embeddable":true,"href":"https:\/\/www.precirex.com\/en\/wp-json\/wp\/v2\/categories?post=3480"},{"taxonomy":"post_tag","embeddable":true,"href":"https:\/\/www.precirex.com\/en\/wp-json\/wp\/v2\/tags?post=3480"}],"curies":[{"name":"wp","href":"https:\/\/api.w.org\/{rel}","templated":true}]}}